{"id":69425,"date":"2015-08-04T17:28:45","date_gmt":"2015-08-04T15:28:45","guid":{"rendered":"https:\/\/www.caveaustar.ch\/concerto-del-vino-italiano-2015-caratello-les-vins\/"},"modified":"2022-03-23T10:12:45","modified_gmt":"2022-03-23T08:12:45","slug":"concerto-del-vino-italiano-2015-caratello-les-vins","status":"publish","type":"post","link":"https:\/\/www.caveaustar.ch\/fr\/concerto-del-vino-italiano-2015-caratello-les-vins\/","title":{"rendered":"Concerto del vino italiano 2015, Caratello Les vins"},"content":{"rendered":"<p>Le <a href=\"https:\/\/www.caratello.ch\/de\/veranstaltungen\/concerto\/einladung\">Concerto del vino italiano<\/a> est une s\u00e9rie de manifestations r\u00e9ussies organis\u00e9es par <a href=\"https:\/\/www.caratello.ch\">Caratello Weine<\/a> de St. Outre la d\u00e9gustation, l&rsquo;\u00e9change avec les producteurs, le repas en commun et le concert sont les ingr\u00e9dients parfaits pour passer une excellente soir\u00e9e. Allez-y si vous avez du temps pour la muse.<\/p>\n<p>Un bref message sur CaveauStar est \u00e9galement disponible sur le site web sous <a href=\"https:\/\/www.caratello.ch\/de\/news\/85\">News<\/a>.<\/p>\n","protected":false},"excerpt":{"rendered":"<p>Le Concerto del vino italiano est une s\u00e9rie de manifestations r\u00e9ussies organis\u00e9es par Caratello Weine de St. Outre la d\u00e9gustation, l&rsquo;\u00e9change avec les producteurs, le repas en commun et le concert sont les ingr\u00e9dients parfaits pour passer une excellente soir\u00e9e. Allez-y si vous avez du temps pour la muse. Un bref message sur CaveauStar est [&#8230;]\n","protected":false},"author":1,"featured_media":66727,"comment_status":"closed","ping_status":"open","sticky":false,"template":"","format":"standard","meta":{"jetpack_post_was_ever_published":false,"_jetpack_newsletter_access":"","_jetpack_dont_email_post_to_subs":false,"_jetpack_newsletter_tier_id":0,"_jetpack_memberships_contains_paywalled_content":false,"_jetpack_memberships_contains_paid_content":false,"footnotes":"","jetpack_publicize_message":"","jetpack_publicize_feature_enabled":true,"jetpack_social_post_already_shared":false,"jetpack_social_options":{"image_generator_settings":{"template":"highway","default_image_id":0,"font":"","enabled":false},"version":2}},"categories":[348,865],"tags":[960,961],"class_list":["post-69425","post","type-post","status-publish","format-standard","has-post-thumbnail","hentry","category-non-classifiee","category-vinotheque","tag-caratello-fr","tag-concerto-del-vino-fr"],"jetpack_publicize_connections":[],"jetpack_featured_media_url":"https:\/\/www.caveaustar.ch\/wp-content\/uploads\/2015\/08\/caratello_concerto.png","jetpack_sharing_enabled":true,"_links":{"self":[{"href":"https:\/\/www.caveaustar.ch\/fr\/wp-json\/wp\/v2\/posts\/69425","targetHints":{"allow":["GET"]}}],"collection":[{"href":"https:\/\/www.caveaustar.ch\/fr\/wp-json\/wp\/v2\/posts"}],"about":[{"href":"https:\/\/www.caveaustar.ch\/fr\/wp-json\/wp\/v2\/types\/post"}],"author":[{"embeddable":true,"href":"https:\/\/www.caveaustar.ch\/fr\/wp-json\/wp\/v2\/users\/1"}],"replies":[{"embeddable":true,"href":"https:\/\/www.caveaustar.ch\/fr\/wp-json\/wp\/v2\/comments?post=69425"}],"version-history":[{"count":0,"href":"https:\/\/www.caveaustar.ch\/fr\/wp-json\/wp\/v2\/posts\/69425\/revisions"}],"wp:featuredmedia":[{"embeddable":true,"href":"https:\/\/www.caveaustar.ch\/fr\/wp-json\/wp\/v2\/media\/66727"}],"wp:attachment":[{"href":"https:\/\/www.caveaustar.ch\/fr\/wp-json\/wp\/v2\/media?parent=69425"}],"wp:term":[{"taxonomy":"category","embeddable":true,"href":"https:\/\/www.caveaustar.ch\/fr\/wp-json\/wp\/v2\/categories?post=69425"},{"taxonomy":"post_tag","embeddable":true,"href":"https:\/\/www.caveaustar.ch\/fr\/wp-json\/wp\/v2\/tags?post=69425"}],"curies":[{"name":"wp","href":"https:\/\/api.w.org\/{rel}","templated":true}]}}