{"id":69209,"date":"2017-09-07T07:28:41","date_gmt":"2017-09-07T05:28:41","guid":{"rendered":"https:\/\/www.caveaustar.ch\/construire-moderniser-avec-caveaustar\/"},"modified":"2022-03-23T10:32:33","modified_gmt":"2022-03-23T08:32:33","slug":"construire-moderniser-avec-caveaustar","status":"publish","type":"post","link":"https:\/\/www.caveaustar.ch\/fr\/construire-moderniser-avec-caveaustar\/","title":{"rendered":"Construire &amp; moderniser avec CaveauStar"},"content":{"rendered":"<p>Nous sommes pr\u00e9sents cette ann\u00e9e avec un petit stand au salon \u00ab\u00a0Bauen &amp; Modernisieren\u00a0\u00bb \u00e0 Zurich. Le salon dure du jeudi 07.09.2017 au dimanche 10.09.2017 et est ouvert tous les jours de 10 \u00e0 18 heures. Notre stand se trouve dans le hall 4, num\u00e9ro de stand E22.<\/p>\n<p><a href=\"http:\/\/www.bauen-modernisieren.ch\/htm\/ausstellerverzeichnis.htm?63231938=caveaustar-gmbh-4118-rodersdorf#listeTop\">www.bauen-modernisieren.ch<\/a><\/p>\n","protected":false},"excerpt":{"rendered":"<p>Nous sommes pr\u00e9sents cette ann\u00e9e avec un petit stand au salon \u00ab\u00a0Bauen &amp; Modernisieren\u00a0\u00bb \u00e0 Zurich. Le salon dure du jeudi 07.09.2017 au dimanche 10.09.2017 et est ouvert tous les jours de 10 \u00e0 18 heures. Notre stand se trouve dans le hall 4, num\u00e9ro de stand E22. www.bauen-modernisieren.ch<\/p>\n","protected":false},"author":1,"featured_media":67219,"comment_status":"closed","ping_status":"open","sticky":false,"template":"","format":"standard","meta":{"jetpack_post_was_ever_published":false,"_jetpack_newsletter_access":"","_jetpack_dont_email_post_to_subs":false,"_jetpack_newsletter_tier_id":0,"_jetpack_memberships_contains_paywalled_content":false,"_jetpack_memberships_contains_paid_content":false,"footnotes":"","jetpack_publicize_message":"","jetpack_publicize_feature_enabled":true,"jetpack_social_post_already_shared":false,"jetpack_social_options":{"image_generator_settings":{"template":"highway","default_image_id":0,"font":"","enabled":false},"version":2}},"categories":[434],"tags":[901,853],"class_list":["post-69209","post","type-post","status-publish","format-standard","has-post-thumbnail","hentry","category-evenements","tag-construire-habiter","tag-salon"],"jetpack_publicize_connections":[],"jetpack_featured_media_url":"https:\/\/www.caveaustar.ch\/wp-content\/uploads\/2017\/09\/caveaustar-bauenmodernisieren.jpg","jetpack_sharing_enabled":true,"_links":{"self":[{"href":"https:\/\/www.caveaustar.ch\/fr\/wp-json\/wp\/v2\/posts\/69209","targetHints":{"allow":["GET"]}}],"collection":[{"href":"https:\/\/www.caveaustar.ch\/fr\/wp-json\/wp\/v2\/posts"}],"about":[{"href":"https:\/\/www.caveaustar.ch\/fr\/wp-json\/wp\/v2\/types\/post"}],"author":[{"embeddable":true,"href":"https:\/\/www.caveaustar.ch\/fr\/wp-json\/wp\/v2\/users\/1"}],"replies":[{"embeddable":true,"href":"https:\/\/www.caveaustar.ch\/fr\/wp-json\/wp\/v2\/comments?post=69209"}],"version-history":[{"count":0,"href":"https:\/\/www.caveaustar.ch\/fr\/wp-json\/wp\/v2\/posts\/69209\/revisions"}],"wp:featuredmedia":[{"embeddable":true,"href":"https:\/\/www.caveaustar.ch\/fr\/wp-json\/wp\/v2\/media\/67219"}],"wp:attachment":[{"href":"https:\/\/www.caveaustar.ch\/fr\/wp-json\/wp\/v2\/media?parent=69209"}],"wp:term":[{"taxonomy":"category","embeddable":true,"href":"https:\/\/www.caveaustar.ch\/fr\/wp-json\/wp\/v2\/categories?post=69209"},{"taxonomy":"post_tag","embeddable":true,"href":"https:\/\/www.caveaustar.ch\/fr\/wp-json\/wp\/v2\/tags?post=69209"}],"curies":[{"name":"wp","href":"https:\/\/api.w.org\/{rel}","templated":true}]}}