{"id":69143,"date":"2018-05-23T10:38:29","date_gmt":"2018-05-23T08:38:29","guid":{"rendered":"https:\/\/www.caveaustar.ch\/journees-du-vin-suisse-2018\/"},"modified":"2022-03-23T10:38:31","modified_gmt":"2022-03-23T08:38:31","slug":"journees-du-vin-suisse-2018","status":"publish","type":"post","link":"https:\/\/www.caveaustar.ch\/fr\/journees-du-vin-suisse-2018\/","title":{"rendered":"Journ\u00e9es du vin suisse 2018"},"content":{"rendered":"<p>Lors des Journ\u00e9es suisses du vin, des perles de toutes les r\u00e9gions de Suisse sont pr\u00e9sent\u00e9es et c\u00e9l\u00e9br\u00e9es &#8211; du nouveau venu ambitieux au vigneron de l\u00e9gende. Pour la cinqui\u00e8me fois d\u00e9j\u00e0, la d\u00e9gustation aura lieu dans la Markthalle de B\u00e2le et servira des histoires passionnantes sur le vin suisse. 39 vignerons pr\u00e9senteront personnellement leurs vins et se r\u00e9jouiront de votre visite.<\/p>\n<p><a href=\"http:\/\/schweizerweintage.ch\">www.schweizerweintage.ch<\/a><\/p>\n","protected":false},"excerpt":{"rendered":"<p>Lors des Journ\u00e9es suisses du vin, des perles de toutes les r\u00e9gions de Suisse sont pr\u00e9sent\u00e9es et c\u00e9l\u00e9br\u00e9es &#8211; du nouveau venu ambitieux au vigneron de l\u00e9gende. Pour la cinqui\u00e8me fois d\u00e9j\u00e0, la d\u00e9gustation aura lieu dans la Markthalle de B\u00e2le et servira des histoires passionnantes sur le vin suisse. 39 vignerons pr\u00e9senteront personnellement leurs [&#8230;]\n","protected":false},"author":1,"featured_media":67315,"comment_status":"closed","ping_status":"open","sticky":false,"template":"","format":"standard","meta":{"jetpack_post_was_ever_published":false,"_jetpack_newsletter_access":"","_jetpack_dont_email_post_to_subs":false,"_jetpack_newsletter_tier_id":0,"_jetpack_memberships_contains_paywalled_content":false,"_jetpack_memberships_contains_paid_content":false,"footnotes":"","jetpack_publicize_message":"","jetpack_publicize_feature_enabled":true,"jetpack_social_post_already_shared":false,"jetpack_social_options":{"image_generator_settings":{"template":"highway","default_image_id":0,"font":"","enabled":false},"version":2}},"categories":[434,403],"tags":[840],"class_list":["post-69143","post","type-post","status-publish","format-standard","has-post-thumbnail","hentry","category-evenements","category-recommandation","tag-journees-du-vin-suisse"],"jetpack_publicize_connections":[],"jetpack_featured_media_url":"https:\/\/www.caveaustar.ch\/wp-content\/uploads\/2018\/05\/Schweizer-Weintage-2018.png","jetpack_sharing_enabled":true,"_links":{"self":[{"href":"https:\/\/www.caveaustar.ch\/fr\/wp-json\/wp\/v2\/posts\/69143","targetHints":{"allow":["GET"]}}],"collection":[{"href":"https:\/\/www.caveaustar.ch\/fr\/wp-json\/wp\/v2\/posts"}],"about":[{"href":"https:\/\/www.caveaustar.ch\/fr\/wp-json\/wp\/v2\/types\/post"}],"author":[{"embeddable":true,"href":"https:\/\/www.caveaustar.ch\/fr\/wp-json\/wp\/v2\/users\/1"}],"replies":[{"embeddable":true,"href":"https:\/\/www.caveaustar.ch\/fr\/wp-json\/wp\/v2\/comments?post=69143"}],"version-history":[{"count":0,"href":"https:\/\/www.caveaustar.ch\/fr\/wp-json\/wp\/v2\/posts\/69143\/revisions"}],"wp:featuredmedia":[{"embeddable":true,"href":"https:\/\/www.caveaustar.ch\/fr\/wp-json\/wp\/v2\/media\/67315"}],"wp:attachment":[{"href":"https:\/\/www.caveaustar.ch\/fr\/wp-json\/wp\/v2\/media?parent=69143"}],"wp:term":[{"taxonomy":"category","embeddable":true,"href":"https:\/\/www.caveaustar.ch\/fr\/wp-json\/wp\/v2\/categories?post=69143"},{"taxonomy":"post_tag","embeddable":true,"href":"https:\/\/www.caveaustar.ch\/fr\/wp-json\/wp\/v2\/tags?post=69143"}],"curies":[{"name":"wp","href":"https:\/\/api.w.org\/{rel}","templated":true}]}}