{"id":68982,"date":"2019-05-15T08:42:54","date_gmt":"2019-05-15T06:42:54","guid":{"rendered":"https:\/\/www.caveaustar.ch\/journees-du-vin-suisse-2019\/"},"modified":"2022-03-23T10:46:59","modified_gmt":"2022-03-23T08:46:59","slug":"journees-du-vin-suisse-2019","status":"publish","type":"post","link":"https:\/\/www.caveaustar.ch\/fr\/journees-du-vin-suisse-2019\/","title":{"rendered":"Journ\u00e9es du vin suisse 2019"},"content":{"rendered":"<p>La demi-douzaine est pleine ! La premi\u00e8re caisse en bois de 6 sorties a \u00e9t\u00e9 r\u00e9alis\u00e9e et la soif est loin d&rsquo;\u00eatre \u00e9tanch\u00e9e. Une telle diversit\u00e9, comme dans la petite Suisse, est remarquable. Et c&rsquo;est ce que l&rsquo;on peut d\u00e9couvrir de mani\u00e8re concentr\u00e9e dans la Markthalle de B\u00e2le. Aux Journ\u00e9es suisses du vin !<\/p>\n<p><a href=\"http:\/\/schweizerweintage.ch\">www.schweizerweintage.ch<\/a><\/p>\n","protected":false},"excerpt":{"rendered":"<p>La demi-douzaine est pleine ! La premi\u00e8re caisse en bois de 6 sorties a \u00e9t\u00e9 r\u00e9alis\u00e9e et la soif est loin d&rsquo;\u00eatre \u00e9tanch\u00e9e. Une telle diversit\u00e9, comme dans la petite Suisse, est remarquable. Et c&rsquo;est ce que l&rsquo;on peut d\u00e9couvrir de mani\u00e8re concentr\u00e9e dans la Markthalle de B\u00e2le. Aux Journ\u00e9es suisses du vin ! www.schweizerweintage.ch<\/p>\n","protected":false},"author":1,"featured_media":70780,"comment_status":"closed","ping_status":"open","sticky":false,"template":"","format":"standard","meta":{"jetpack_post_was_ever_published":false,"_jetpack_newsletter_access":"","_jetpack_dont_email_post_to_subs":false,"_jetpack_newsletter_tier_id":0,"_jetpack_memberships_contains_paywalled_content":false,"_jetpack_memberships_contains_paid_content":false,"footnotes":"","jetpack_publicize_message":"","jetpack_publicize_feature_enabled":true,"jetpack_social_post_already_shared":false,"jetpack_social_options":{"image_generator_settings":{"template":"highway","default_image_id":0,"font":"","enabled":false},"version":2}},"categories":[434,403],"tags":[840],"class_list":["post-68982","post","type-post","status-publish","format-standard","has-post-thumbnail","hentry","category-evenements","category-recommandation","tag-journees-du-vin-suisse"],"jetpack_publicize_connections":[],"jetpack_featured_media_url":"https:\/\/www.caveaustar.ch\/wp-content\/uploads\/2019\/05\/caveaustar-schweizer-weintage-2019.jpg","jetpack_sharing_enabled":true,"_links":{"self":[{"href":"https:\/\/www.caveaustar.ch\/fr\/wp-json\/wp\/v2\/posts\/68982","targetHints":{"allow":["GET"]}}],"collection":[{"href":"https:\/\/www.caveaustar.ch\/fr\/wp-json\/wp\/v2\/posts"}],"about":[{"href":"https:\/\/www.caveaustar.ch\/fr\/wp-json\/wp\/v2\/types\/post"}],"author":[{"embeddable":true,"href":"https:\/\/www.caveaustar.ch\/fr\/wp-json\/wp\/v2\/users\/1"}],"replies":[{"embeddable":true,"href":"https:\/\/www.caveaustar.ch\/fr\/wp-json\/wp\/v2\/comments?post=68982"}],"version-history":[{"count":0,"href":"https:\/\/www.caveaustar.ch\/fr\/wp-json\/wp\/v2\/posts\/68982\/revisions"}],"wp:featuredmedia":[{"embeddable":true,"href":"https:\/\/www.caveaustar.ch\/fr\/wp-json\/wp\/v2\/media\/70780"}],"wp:attachment":[{"href":"https:\/\/www.caveaustar.ch\/fr\/wp-json\/wp\/v2\/media?parent=68982"}],"wp:term":[{"taxonomy":"category","embeddable":true,"href":"https:\/\/www.caveaustar.ch\/fr\/wp-json\/wp\/v2\/categories?post=68982"},{"taxonomy":"post_tag","embeddable":true,"href":"https:\/\/www.caveaustar.ch\/fr\/wp-json\/wp\/v2\/tags?post=68982"}],"curies":[{"name":"wp","href":"https:\/\/api.w.org\/{rel}","templated":true}]}}